{"id":1913,"date":"2025-03-03T09:27:29","date_gmt":"2025-03-03T07:27:29","guid":{"rendered":"https:\/\/franciszkanie-zlotoryja.com\/?p=1913"},"modified":"2025-03-03T09:27:30","modified_gmt":"2025-03-03T07:27:30","slug":"intencje-mszalne-3-9-marca-2025","status":"publish","type":"post","link":"https:\/\/franciszkanie-zlotoryja.com\/index.php\/2025\/03\/03\/intencje-mszalne-3-9-marca-2025\/","title":{"rendered":"Intencje mszalne | 3 &#8211; 9 marca 2025"},"content":{"rendered":"\n<figure class=\"wp-block-table\"><table><tbody><tr><td><strong>3 III<\/strong><\/td><td><strong>P<\/strong><strong>ONIEDZIA\u0141EK &#8211; (Msza wotywna o \u015aw. Franciszku)<\/strong><\/td><\/tr><tr><td><strong>7:00<\/strong><\/td><td><strong>I<\/strong>. Za ++ Joann\u0119 Kendyk i Mieczys\u0142awa Czeczutka w 14-t\u0105 rocznic\u0119 \u015bmierci oraz za + Urszul\u0119 Czeczutka<br><strong>II<\/strong>. Za ++ Grzegorza i Tadeusza Mysyk<\/td><\/tr><tr><td><strong>18:00<\/strong><\/td><td><strong>I<\/strong>. Za + Wies\u0142awa Stworzyjan (3 greg.)<br><strong>II<\/strong>. Za + o. Paw\u0142a Tarnowskiego OFM w 2-g\u0105\u00a0rocznic\u0119 \u015bmierci<\/td><\/tr><tr><td><strong>4 III<\/strong><\/td><td><strong>W<\/strong><strong>TOREK &#8211; \u015awi\u0119to \u015aw. Kazimierza, Kr\u00f3lewicza<\/strong><\/td><\/tr><tr><td><strong>7:00<\/strong><\/td><td><strong>I<\/strong>. .W int. dobrodziej\u00f3w ko\u015bcio\u0142a, klasztoru i parafii, \u017cyj\u0105cych i\u00a0zmar\u0142ych rodzic\u00f3w, rodze\u0144stwa i krewnych zakonnik\u00f3w oraz tych, kt\u00f3rzy polecaj\u0105 si\u0119 naszym modlitwom<br><strong>II<\/strong>. Z okazji 35-tej rocznicy \u015blubu, o b\u0142ogos\u0142awie\u0144stwo Bo\u017ce oraz z\u00a0podzi\u0119kowaniem za wszelkie otrzymane \u0142aski<\/td><\/tr><tr><td><strong>18:00<\/strong><\/td><td><strong>I<\/strong>. Za + Agnieszk\u0119 Grock\u0105 w 30-ty dzie\u0144 po \u015bmierci<br><strong>II<\/strong>. Za + Wies\u0142awa Stworzyjan (4 greg.)<\/td><\/tr><tr><td><strong>5 III<\/strong><\/td><td><strong>\u015a<\/strong><strong>RODA&nbsp;<\/strong><strong>P<\/strong><strong>OPIELCOWA<\/strong><\/td><\/tr><tr><td><strong>7:00<\/strong><\/td><td>Za + Mariusza Bednarza<\/td><\/tr><tr><td><strong>9:00<\/strong><\/td><td>O b\u0142ogos\u0142awie\u0144stwo Bo\u017ce dla parafii i o nawr\u00f3cenie dla grzesznik\u00f3w oraz o ducha pokuty<\/td><\/tr><tr><td><strong>18:00<\/strong><\/td><td><strong>I<\/strong>. Za + Wies\u0142awa Stworzyjan (5 greg.)<br><strong>II<\/strong>. Za + Kazimierza Pop\u0142awskiego w kolejn\u0105 rocznic\u0119 \u015bmierci<\/td><\/tr><tr><td><strong>6 III<\/strong><\/td><td><strong>C<\/strong><strong>ZWARTEK PO&nbsp;<\/strong><strong>P<\/strong><strong>OPIELCU (1-szy miesi\u0105ca)<\/strong><\/td><\/tr><tr><td><strong>7:00<\/strong><\/td><td><strong>I<\/strong>. Za + Zofi\u0119 Szklarz w 10-t\u0105 rocznic\u0119 \u015bmierci<br><strong>II<\/strong>. Za + Halin\u0119 Tomaszewsk\u0105<\/td><\/tr><tr><td><strong>18:00<\/strong><\/td><td><strong>I<\/strong>. O \u015bwi\u0119te i liczne powo\u0142ania kap\u0142a\u0144skie, zakonne i misyjne, w intencji WSD franciszkan\u00f3w we Wroc\u0142awiu-Kar\u0142owicach oraz za ministrant\u00f3w i\u00a0lektor\u00f3w naszej parafii &#8211; od \u017bywego R\u00f3\u017ca\u0144ca<br><strong>II<\/strong>. Za + Wies\u0142awa Stworzyjan (6 greg.)<\/td><\/tr><tr><td><strong>7 III<\/strong><\/td><td><strong>P<\/strong><strong>I\u0104TEK PO&nbsp;<\/strong><strong>P<\/strong><strong>OPIELCU (1-szy miesi\u0105ca)<\/strong><\/td><\/tr><tr><td><strong>7:00<\/strong><\/td><td><strong>I<\/strong>. Za + Antoniego Grze\u015bk\u00f3w<br><strong>II<\/strong>. Za + Miros\u0142awa Domaga\u0142a w rocznic\u0119 \u015bmierci<\/td><\/tr><tr><td><strong>18:00<\/strong><\/td><td><strong>I<\/strong>. Wynagradzaj\u0105ca Naj\u015bw. Sercu Pana Jezusa oraz za + Helen\u0119 Sza\u0142as &#8211; od Arcybractwa Stra\u017cy Honorowej Naj\u015bwi\u0119tszego Serca Pana Jezusa<br><strong>II<\/strong>. Za + Wies\u0142awa Stworzyjan (7 greg.)<\/td><\/tr><tr><td><strong>8 III<\/strong><\/td><td><strong>S<\/strong><strong>OBOTA PO&nbsp;<\/strong><strong>P<\/strong><strong>OPIELCU<\/strong><\/td><\/tr><tr><td><strong>7:00<\/strong><\/td><td>Za parafian: o Bo\u017ce b\u0142ogos\u0142aw. dla \u017cyj\u0105cych oraz dar nieba dla&nbsp;&nbsp;++&nbsp;<\/td><\/tr><tr><td><strong>18:00<\/strong><\/td><td><strong>I<\/strong>. Za + Wies\u0142awa Stworzyjan (8 greg.)<br><strong>II<\/strong>. Za wstawiennictwem NMP w intencji Beaty z okazji urodzin<\/td><\/tr><tr><td><strong>9 III<\/strong><\/td><td><strong>1<\/strong><strong>&nbsp;<\/strong><strong>N<\/strong><strong>IEDZIELA&nbsp;<\/strong><strong>W<\/strong><strong>IELKIEGO&nbsp;<\/strong><strong>P<\/strong><strong>OSTU<\/strong><\/td><\/tr><tr><td><strong>7:00<\/strong><\/td><td>Za + Janusza Kijanka w 17-t\u0105 rocznic\u0119 \u015bmierci oraz za jego zmar\u0142ych rodzic\u00f3w i brata<\/td><\/tr><tr><td><strong>9:00<\/strong><\/td><td>Za + Micha\u0142a Czas\u0142awskiego w 13-t\u0105 rocznic\u0119 \u015bmierci, za + \u017con\u0119 Bert\u0119 i + syna Stanis\u0142awa<\/td><\/tr><tr><td><strong>10:30<\/strong><\/td><td>&nbsp;W intencji + Henryka Zdziechowicza z okazji jego urodzin<\/td><\/tr><tr><td><strong>12:00<\/strong><\/td><td>Za + Wies\u0142awa Stworzyjan (9 greg.)<\/td><\/tr><tr><td><strong>13:00<\/strong><\/td><td>CHRZEST: Stanis\u0142aw &amp; Szymon<\/td><\/tr><tr><td><strong>18:00<\/strong><\/td><td>Za + Mariana St\u0119pie\u0144 w 3-ci\u0105 rocznic\u0119 \u015bmierci<\/td><\/tr><\/tbody><\/table><\/figure>\n","protected":false},"excerpt":{"rendered":"<p>3 III PONIEDZIA\u0141EK &#8211; (Msza wotywna o \u015aw. Franciszku) 7:00 I. Za ++ Joann\u0119 Kendyk i Mieczys\u0142awa Czeczutka w 14-t\u0105 rocznic\u0119 \u015bmierci oraz za + Urszul\u0119 CzeczutkaII. Za ++ Grzegorza i Tadeusza Mysyk 18:00 I. Za + Wies\u0142awa Stworzyjan (3 greg.)II. Za + o. Paw\u0142a Tarnowskiego OFM w 2-g\u0105\u00a0rocznic\u0119 \u015bmierci 4 III WTOREK &#8211; \u015awi\u0119to&#8230;<\/p>\n","protected":false},"author":1,"featured_media":0,"comment_status":"closed","ping_status":"closed","sticky":false,"template":"","format":"standard","meta":{"_kadence_starter_templates_imported_post":false,"_kad_post_transparent":"","_kad_post_title":"","_kad_post_layout":"","_kad_post_sidebar_id":"","_kad_post_content_style":"","_kad_post_vertical_padding":"","_kad_post_feature":"","_kad_post_feature_position":"","_kad_post_header":false,"_kad_post_footer":false,"footnotes":""},"categories":[5],"tags":[],"class_list":["post-1913","post","type-post","status-publish","format-standard","hentry","category-intencje"],"_links":{"self":[{"href":"https:\/\/franciszkanie-zlotoryja.com\/index.php\/wp-json\/wp\/v2\/posts\/1913","targetHints":{"allow":["GET"]}}],"collection":[{"href":"https:\/\/franciszkanie-zlotoryja.com\/index.php\/wp-json\/wp\/v2\/posts"}],"about":[{"href":"https:\/\/franciszkanie-zlotoryja.com\/index.php\/wp-json\/wp\/v2\/types\/post"}],"author":[{"embeddable":true,"href":"https:\/\/franciszkanie-zlotoryja.com\/index.php\/wp-json\/wp\/v2\/users\/1"}],"replies":[{"embeddable":true,"href":"https:\/\/franciszkanie-zlotoryja.com\/index.php\/wp-json\/wp\/v2\/comments?post=1913"}],"version-history":[{"count":1,"href":"https:\/\/franciszkanie-zlotoryja.com\/index.php\/wp-json\/wp\/v2\/posts\/1913\/revisions"}],"predecessor-version":[{"id":1914,"href":"https:\/\/franciszkanie-zlotoryja.com\/index.php\/wp-json\/wp\/v2\/posts\/1913\/revisions\/1914"}],"wp:attachment":[{"href":"https:\/\/franciszkanie-zlotoryja.com\/index.php\/wp-json\/wp\/v2\/media?parent=1913"}],"wp:term":[{"taxonomy":"category","embeddable":true,"href":"https:\/\/franciszkanie-zlotoryja.com\/index.php\/wp-json\/wp\/v2\/categories?post=1913"},{"taxonomy":"post_tag","embeddable":true,"href":"https:\/\/franciszkanie-zlotoryja.com\/index.php\/wp-json\/wp\/v2\/tags?post=1913"}],"curies":[{"name":"wp","href":"https:\/\/api.w.org\/{rel}","templated":true}]}}