{"id":2867,"date":"2025-11-17T17:11:03","date_gmt":"2025-11-17T15:11:03","guid":{"rendered":"https:\/\/franciszkanie-zlotoryja.com\/?p=2867"},"modified":"2025-11-17T17:11:03","modified_gmt":"2025-11-17T15:11:03","slug":"katecheza-13-listopada-2025","status":"publish","type":"post","link":"https:\/\/franciszkanie-zlotoryja.com\/index.php\/2025\/11\/17\/katecheza-13-listopada-2025\/","title":{"rendered":"Katecheza | 13 listopada 2025"},"content":{"rendered":"\n<p>13 listopada 2025 r. w salce multimedialnej odby\u0142a si\u0119 kolejna katecheza dla doros\u0142ych, prowadzona przez o. Paulina Mari\u0119 Adamowskiego OFM. W pierwszej cz\u0119\u015bci kontynuowali\u015bmy rozmow\u0119 na temat element\u00f3w i symboliki chrze\u015bcija\u0144skiego grobu. W drugiej cz\u0119\u015bci czytali\u015bmy i rozwa\u017cali\u015bmy zapowied\u017a Jezusa dotycz\u0105c\u0105 prze\u015bladowania Jego wyznawc\u00f3w (\u0141k 21, 5\u201319). Podczas spotkania u\u015bwiadomili\u015bmy sobie, \u017ce mimo szykan, represji i podszept\u00f3w fa\u0142szywych prorok\u00f3w powinni\u015bmy odwa\u017cnie dawa\u0107 \u015bwiadectwo naszej wiary i stara\u0107 si\u0119 by\u0107 dobrym przyk\u0142adem dla innych.<\/p>\n\n\n\n<p class=\"has-text-align-right\">Marek Szalkiewicz<\/p>\n\n\n\n<p class=\"has-text-align-right\">\u00a0\u00a0\u00a0\u00a0\u00a0\u00a0\u00a0\u00a0\u00a0\u00a0\u00a0\u00a0\u00a0\u00a0\u00a0\u00a0\u00a0\u00a0\u00a0\u00a0\u00a0\u00a0\u00a0\u00a0\u00a0\u00a0\u00a0\u00a0\u00a0\u00a0\u00a0\u00a0\u00a0\u00a0\u00a0\u00a0\u00a0\u00a0\u00a0\u00a0\u00a0\u00a0\u00a0\u00a0\u00a0\u00a0\u00a0\u00a0\u00a0\u00a0\u00a0\u00a0\u00a0\u00a0\u00a0\u00a0\u00a0\u00a0\u00a0\u00a0\u00a0\u00a0\u00a0\u00a0\u00a0<\/p>\n","protected":false},"excerpt":{"rendered":"<p>13 listopada 2025 r. w salce multimedialnej odby\u0142a si\u0119 kolejna katecheza dla doros\u0142ych, prowadzona przez o. Paulina Mari\u0119 Adamowskiego OFM. W pierwszej cz\u0119\u015bci kontynuowali\u015bmy rozmow\u0119 na temat element\u00f3w i symboliki chrze\u015bcija\u0144skiego grobu. W drugiej cz\u0119\u015bci czytali\u015bmy i rozwa\u017cali\u015bmy zapowied\u017a Jezusa dotycz\u0105c\u0105 prze\u015bladowania Jego wyznawc\u00f3w (\u0141k 21, 5\u201319). Podczas spotkania u\u015bwiadomili\u015bmy sobie, \u017ce mimo szykan, represji&#8230;<\/p>\n","protected":false},"author":4,"featured_media":0,"comment_status":"closed","ping_status":"","sticky":false,"template":"","format":"standard","meta":{"_kadence_starter_templates_imported_post":false,"_kad_post_transparent":"","_kad_post_title":"","_kad_post_layout":"","_kad_post_sidebar_id":"","_kad_post_content_style":"","_kad_post_vertical_padding":"","_kad_post_feature":"","_kad_post_feature_position":"","_kad_post_header":false,"_kad_post_footer":false,"footnotes":""},"categories":[9],"tags":[],"class_list":["post-2867","post","type-post","status-publish","format-standard","hentry","category-katecheza"],"_links":{"self":[{"href":"https:\/\/franciszkanie-zlotoryja.com\/index.php\/wp-json\/wp\/v2\/posts\/2867","targetHints":{"allow":["GET"]}}],"collection":[{"href":"https:\/\/franciszkanie-zlotoryja.com\/index.php\/wp-json\/wp\/v2\/posts"}],"about":[{"href":"https:\/\/franciszkanie-zlotoryja.com\/index.php\/wp-json\/wp\/v2\/types\/post"}],"author":[{"embeddable":true,"href":"https:\/\/franciszkanie-zlotoryja.com\/index.php\/wp-json\/wp\/v2\/users\/4"}],"replies":[{"embeddable":true,"href":"https:\/\/franciszkanie-zlotoryja.com\/index.php\/wp-json\/wp\/v2\/comments?post=2867"}],"version-history":[{"count":1,"href":"https:\/\/franciszkanie-zlotoryja.com\/index.php\/wp-json\/wp\/v2\/posts\/2867\/revisions"}],"predecessor-version":[{"id":2868,"href":"https:\/\/franciszkanie-zlotoryja.com\/index.php\/wp-json\/wp\/v2\/posts\/2867\/revisions\/2868"}],"wp:attachment":[{"href":"https:\/\/franciszkanie-zlotoryja.com\/index.php\/wp-json\/wp\/v2\/media?parent=2867"}],"wp:term":[{"taxonomy":"category","embeddable":true,"href":"https:\/\/franciszkanie-zlotoryja.com\/index.php\/wp-json\/wp\/v2\/categories?post=2867"},{"taxonomy":"post_tag","embeddable":true,"href":"https:\/\/franciszkanie-zlotoryja.com\/index.php\/wp-json\/wp\/v2\/tags?post=2867"}],"curies":[{"name":"wp","href":"https:\/\/api.w.org\/{rel}","templated":true}]}}