{"id":3421,"date":"2026-04-25T19:21:04","date_gmt":"2026-04-25T17:21:04","guid":{"rendered":"https:\/\/franciszkanie-zlotoryja.com\/?p=3421"},"modified":"2026-04-25T19:21:57","modified_gmt":"2026-04-25T17:21:57","slug":"intencje-mszalne-26-kwietnia-3-maja-2026","status":"publish","type":"post","link":"https:\/\/franciszkanie-zlotoryja.com\/index.php\/2026\/04\/25\/intencje-mszalne-26-kwietnia-3-maja-2026\/","title":{"rendered":"Intencje mszalne | 27 kwietnia &#8211; 3 maja 2026"},"content":{"rendered":"\n<figure class=\"wp-block-table\"><table><tbody><tr><td><strong>27 IV<\/strong><\/td><td><strong>P<\/strong><strong>ONIEDZIA\u0141EK &#8211; (Msza wotywna o \u015aw. Franciszku)<\/strong><\/td><\/tr><tr><td><strong>7:00<\/strong><\/td><td>Za parafian: o Bo\u017ce b\u0142ogos\u0142aw. dla \u017cyj\u0105cych oraz dar nieba dla&nbsp; ++<\/td><\/tr><tr><td><strong>18:00<\/strong><\/td><td><strong>I<\/strong>. Za + Walentego Borejko w 21-sz\u0105 rocznic\u0119\u00a0+, za + Jadwig\u0119 Thiel w\u00a020-t\u0105 rocznic\u0119 +, za + Renat\u0119 Krzy\u015bk\u00f3w w 12-t\u0105 rocznic\u0119 + oraz za zmar\u0142ych z rodziny<br><strong>II<\/strong>. Za ++ Marco, Wilhelma, Aleksandra o \u0142ask\u0119 Nieba &#8211; od Marty Kusiak<\/td><\/tr><tr><td><strong>28 IV<\/strong><\/td><td><strong>W<\/strong><strong>TOREK<\/strong><strong>&nbsp;<\/strong><strong> &#8211; (Msza wotywna o \u015aw. Antonim)<\/strong><\/td><\/tr><tr><td><strong>7:00<\/strong><\/td><td><strong>I<\/strong>. Za + Mari\u0119 Szpur\u0119 oraz za + Jadwig\u0119 &#8211; Wand\u0119 Szpur\u0119 w 37-m\u0105 rocznic\u0119 \u015bmierci<br><strong>II<\/strong>. W int. dobrodziej\u00f3w ko\u015bcio\u0142a, klasztoru i parafii, \u017cyj\u0105cych i\u00a0zmar\u0142ych rodzic\u00f3w, rodze\u0144stwa i krewnych zakonnik\u00f3w oraz tych, kt\u00f3rzy polecaj\u0105 si\u0119 naszym modlitwom<\/td><\/tr><tr><td><strong>18:00<\/strong><\/td><td><strong>I<\/strong>. W intencji Zosi i Julii o Bo\u017ce b\u0142ogos\u0142awie\u0144stwo, dary Ducha \u015awi\u0119tego i opiek\u0119 Matki Bo\u017cej na czas egzamin\u00f3w<br><strong>II<\/strong>. Za + Stanis\u0142awa Or\u0142owskiego, ++ Antoniego i Aniel\u0119 Pisarskich oraz zmar\u0142ych z rodziny<\/td><\/tr><tr><td><strong>29 IV<\/strong><\/td><td><strong>\u015a<\/strong><strong>RODA&nbsp; &#8211; \u015awi\u0119to \u015aw. Katarzyny Siene\u0144skiej, dz i dK<\/strong><\/td><\/tr><tr><td><strong>7:00<\/strong><\/td><td><br><\/td><\/tr><tr><td><strong>18:00<\/strong><\/td><td><strong>I<\/strong>. O Niebo dla taty Marka Kondraczuka<br><strong>II<\/strong>. Za ++ Karolin\u0119 i Bronis\u0142awa Bielak i za ++ z rodziny<\/td><\/tr><tr><td><strong>30 IV<\/strong><\/td><td><strong>C<\/strong><strong>ZWARTEK<\/strong><\/td><\/tr><tr><td><strong>7:00<\/strong><\/td><td>O Bo\u017ce b\u0142ogos\u0142awie\u0144stwo i opiek\u0119 Matki Bo\u017cej za szcz\u0119\u015bliwie zdan\u0105 matur\u0119 Amelki<\/td><\/tr><tr><td><strong>18:00<\/strong><\/td><td><strong>I<\/strong>. W 5-t\u0105 rocznic\u0119 + Stanis\u0142awa Krygier i za zmar\u0142ych z rodziny<br><strong>II<\/strong>. Za + Helen\u0119 Pietrawsk\u0105 w 14-t\u0105 rocznic\u0119 \u015bmierci<\/td><\/tr><tr><td><strong>1 V<\/strong><\/td><td><strong>P<\/strong><strong>I\u0104TEK &#8211; wsp. \u015aw. J\u00f3zefa, wsp\u00f3\u0142patrona Prowincji<\/strong><\/td><\/tr><tr><td><strong>7:00<\/strong><\/td><td>W 1-sz\u0105 rocznic\u0119 + Joanny Kuriata<\/td><\/tr><tr><td><strong>18:00<\/strong><\/td><td><strong>I<\/strong>. Wynagradzaj\u0105ca Naj\u015bw. Sercu Pana Jezusa\u201a od Stra\u017cy Honorowej<br><strong>II<\/strong>. Za + Kazimier\u0119 P\u0142acht\u0119 (1 greg.)<\/td><\/tr><tr><td><strong>2 V<\/strong><\/td><td><strong>S<\/strong><strong>OBOTA&nbsp; &#8211; urocz. NMP Kr\u00f3lowej Polski<\/strong><\/td><\/tr><tr><td><strong>7:00<\/strong><\/td><td><strong>I<\/strong>. Wynagradzaj\u0105ca Niepokalanemu Sercu Maryi za zniewagi i\u00a0blu\u017anierstwa oraz w intencji pp Leona XIV<br><strong>II<\/strong>. Za + Joann\u0119 Kendyk<\/td><\/tr><tr><td><strong>9:00<\/strong><\/td><td>Z pro\u015bb\u0105 o b\u0142ogos\u0142awie\u0144stwo Bo\u017ce, opiek\u0119 Matki Bo\u017cej i \u015bw. J\u00f3zefa z&nbsp;okazji 24-tych urodzin Mateusza&nbsp;<\/td><\/tr><tr><td><strong>10:30<\/strong><\/td><td>Za + Jana i Mari\u0119 Trzci\u0144skich oraz ++ z rodziny o \u0142ask\u0119 nieba<\/td><\/tr><tr><td><strong>12:00<\/strong><\/td><td><br><\/td><\/tr><tr><td><strong>18:00<\/strong><\/td><td><strong>I<\/strong>. Za + Kazimier\u0119 P\u0142acht\u0119 (2 greg.)<br><strong>II<\/strong>. Za + ks. Marka W\u00f3jcika w 10-t\u0105 rocz. \u015bmierci, oraz za + Iren\u0119 W\u00f3jcik<\/td><\/tr><tr><td><strong>3 V<\/strong><\/td><td><strong>5<\/strong><strong> N<\/strong><strong>IEDZIELA <\/strong><strong>W<\/strong><strong>IELKANOCY&nbsp;<\/strong><\/td><\/tr><tr><td><strong>7:00<\/strong><\/td><td>Za parafian: o Bo\u017ce b\u0142ogos\u0142aw. dla \u017cyj\u0105cych oraz dar nieba dla&nbsp; ++<\/td><\/tr><tr><td><strong>9:00<\/strong><\/td><td>Do NMP Kr\u00f3lowej Polski o opiek\u0119 nad Ojczyzn\u0105 oraz w intencji Wsp\u00f3lnoty \u017bywego R\u00f3\u017ca\u0144ca, ich rodzin, franciszkan\u00f3w pos\u0142uguj\u0105cych w naszej parafii oraz za ++ ze Wsp\u00f3lnoty R\u00f3\u017ca\u0144cowej<\/td><\/tr><tr><td><strong>10:30<\/strong><\/td><td>Za ++ z rodziny Ostrowskich: Grzegorza, Antonin\u0119, Stanis\u0142awa, Zdzis\u0142awa; z rodziny Myt\u0142osz oraz za ++ z dalszych pokole\u0144 i za Dusze w czy\u015b\u0107cu cierpi\u0105ce<\/td><\/tr><tr><td><strong>12:00<\/strong><\/td><td><strong>I-sza KOMUNIA \u015aWI\u0118TA<\/strong><\/td><\/tr><tr><td><strong>13:00<\/strong><\/td><td><strong>CHRZEST<\/strong>: Miko\u0142aj Boszczak &amp; Igor Kubiak<\/td><\/tr><tr><td><strong>18:00<\/strong><\/td><td>Za + Kazimier\u0119 P\u0142acht\u0119 ( greg.)<\/td><\/tr><\/tbody><\/table><\/figure>\n","protected":false},"excerpt":{"rendered":"<p>27 IV PONIEDZIA\u0141EK &#8211; (Msza wotywna o \u015aw. Franciszku) 7:00 Za parafian: o Bo\u017ce b\u0142ogos\u0142aw. dla \u017cyj\u0105cych oraz dar nieba dla&nbsp; ++ 18:00 I. Za + Walentego Borejko w 21-sz\u0105 rocznic\u0119\u00a0+, za + Jadwig\u0119 Thiel w\u00a020-t\u0105 rocznic\u0119 +, za + Renat\u0119 Krzy\u015bk\u00f3w w 12-t\u0105 rocznic\u0119 + oraz za zmar\u0142ych z rodzinyII. Za ++ Marco, Wilhelma,&#8230;<\/p>\n","protected":false},"author":4,"featured_media":0,"comment_status":"closed","ping_status":"","sticky":false,"template":"","format":"standard","meta":{"_kadence_starter_templates_imported_post":false,"_kad_post_transparent":"","_kad_post_title":"","_kad_post_layout":"","_kad_post_sidebar_id":"","_kad_post_content_style":"","_kad_post_vertical_padding":"","_kad_post_feature":"","_kad_post_feature_position":"","_kad_post_header":false,"_kad_post_footer":false,"footnotes":""},"categories":[5],"tags":[],"class_list":["post-3421","post","type-post","status-publish","format-standard","hentry","category-intencje"],"_links":{"self":[{"href":"https:\/\/franciszkanie-zlotoryja.com\/index.php\/wp-json\/wp\/v2\/posts\/3421","targetHints":{"allow":["GET"]}}],"collection":[{"href":"https:\/\/franciszkanie-zlotoryja.com\/index.php\/wp-json\/wp\/v2\/posts"}],"about":[{"href":"https:\/\/franciszkanie-zlotoryja.com\/index.php\/wp-json\/wp\/v2\/types\/post"}],"author":[{"embeddable":true,"href":"https:\/\/franciszkanie-zlotoryja.com\/index.php\/wp-json\/wp\/v2\/users\/4"}],"replies":[{"embeddable":true,"href":"https:\/\/franciszkanie-zlotoryja.com\/index.php\/wp-json\/wp\/v2\/comments?post=3421"}],"version-history":[{"count":2,"href":"https:\/\/franciszkanie-zlotoryja.com\/index.php\/wp-json\/wp\/v2\/posts\/3421\/revisions"}],"predecessor-version":[{"id":3423,"href":"https:\/\/franciszkanie-zlotoryja.com\/index.php\/wp-json\/wp\/v2\/posts\/3421\/revisions\/3423"}],"wp:attachment":[{"href":"https:\/\/franciszkanie-zlotoryja.com\/index.php\/wp-json\/wp\/v2\/media?parent=3421"}],"wp:term":[{"taxonomy":"category","embeddable":true,"href":"https:\/\/franciszkanie-zlotoryja.com\/index.php\/wp-json\/wp\/v2\/categories?post=3421"},{"taxonomy":"post_tag","embeddable":true,"href":"https:\/\/franciszkanie-zlotoryja.com\/index.php\/wp-json\/wp\/v2\/tags?post=3421"}],"curies":[{"name":"wp","href":"https:\/\/api.w.org\/{rel}","templated":true}]}}