{"id":3798,"date":"2026-09-04T21:51:31","date_gmt":"2026-09-04T19:51:31","guid":{"rendered":"https:\/\/franciszkanie-zlotoryja.com\/?p=3798"},"modified":"2026-09-04T21:51:31","modified_gmt":"2026-09-04T19:51:31","slug":"ogloszenia-parafialne-6-wrzesnia-2026","status":"publish","type":"post","link":"https:\/\/franciszkanie-zlotoryja.com\/index.php\/2026\/09\/04\/ogloszenia-parafialne-6-wrzesnia-2026\/","title":{"rendered":"Og\u0142oszenia parafialne | 6 wrze\u015bnia 2026"},"content":{"rendered":"\n<p class=\"wp-block-paragraph\">Prze\u017cywamy dzi\u015b XXIII Niedziel\u0119 Zwyk\u0142\u0105. W dzisiejszej Ewangelii Jezus zapewnia, \u017ce tam, gdzie gromadz\u0105 si\u0119 dwaj lub trzej w Jego imi\u0119, On jest po\u015br\u00f3d nich. To przypomnienie o sile i znaczeniu wsp\u00f3lnej modlitwy.<\/p>\n\n\n\n<p class=\"wp-block-paragraph\">Dzi\u015b podczas Mszy \u015awi\u0119tej o godz. 12:00 b\u0119dziemy prze\u017cywa\u0107 Do\u017cynki parafialne. B\u0119dzie to czas wdzi\u0119czno\u015bci Bogu za tegoroczne plony oraz za trud pracy rolnik\u00f3w.<\/p>\n\n\n\n<p class=\"wp-block-paragraph\">W poniedzia\u0142ek o godz. 19:00, w salce obok kancelarii, odb\u0119dzie si\u0119 spotkanie organizacyjne przed pielgrzymk\u0105 do W\u0142och. Serdecznie zapraszamy wszystkich pielgrzym\u00f3w.<\/p>\n\n\n\n<p class=\"wp-block-paragraph\">Z racji przypadaj\u0105cego we wtorek \u015awi\u0119ta Narodzenia Naj\u015bwi\u0119tszej Maryi Panny, zwanego w polskiej tradycji \u015bwi\u0119tem Matki Bo\u017cej Siewnej, podczas Mszy \u015awi\u0119tych o godz. 7:00 i 18:00 odb\u0119dzie si\u0119 b\u0142ogos\u0142awie\u0144stwo ziarna siewnego i nasion.<\/p>\n\n\n\n<p class=\"wp-block-paragraph\">Tego dnia o godz. 17:30 zapraszamy na nabo\u017ce\u0144stwo ku czci \u015bw. Jadwigi \u015al\u0105skiej, natomiast w \u015brod\u0119 o tej samej porze \u2013 na nabo\u017ce\u0144stwo ku czci Matki Bo\u017cej Nieustaj\u0105cej Pomocy.<\/p>\n\n\n\n<p class=\"wp-block-paragraph\">W sobot\u0119, 12 wrze\u015bnia, organizujemy parafialny wyjazd na G\u00f3r\u0119 \u015awi\u0119tej Anny na odpust Podwy\u017cszenia Krzy\u017ca \u015awi\u0119tego. Szczeg\u00f3\u0142owe informacje u o. Paulina Marii.\u00a0<\/p>\n\n\n\n<p class=\"wp-block-paragraph\">W niedziel\u0119, 13 wrze\u015bnia, zapraszamy na nabo\u017ce\u0144stwo fatimskie. Po wieczornej Mszy \u015awi\u0119tej wyruszy procesja z figur\u0105 Matki Bo\u017cej ulicami naszej parafii: Klasztorn\u0105, Krasickiego, Soln\u0105, G\u00f3rn\u0105, przez pl. Matejki i ul. Klasztorn\u0105 do ko\u015bcio\u0142a \u015bw. Jadwigi. Prosimy o przyniesienie \u015bwiec.<\/p>\n\n\n\n<p class=\"wp-block-paragraph\">Podajemy terminy udzielania sakrament\u00f3w \u015bwi\u0119tych w 2027 roku:<\/p>\n\n\n\n<p class=\"wp-block-paragraph\">&#8211; Pierwsza Komunia \u015awi\u0119ta \u2013 2 maja, godz. 12:00;<\/p>\n\n\n\n<p class=\"wp-block-paragraph\">&#8211; Rocznica Pierwszej Komunii \u015awi\u0119tej \u2013 9 maja, godz. 12:00;<\/p>\n\n\n\n<p class=\"wp-block-paragraph\">&#8211; Bierzmowanie \u2013 22 maja, godz. 18:00.<\/p>\n\n\n\n<p class=\"wp-block-paragraph\">W zakrystii dost\u0119pna jest ksi\u0119ga intencji mszalnych na rok 2027. Zach\u0119camy do wcze\u015bniejszego zamawiania intencji, szczeg\u00f3lnie z okazji rocznic, jubileuszy i innych wa\u017cnych wydarze\u0144.<\/p>\n\n\n\n<p class=\"wp-block-paragraph\">Kancelaria parafialna b\u0119dzie czynna we wtorek w godz. 16:00\u201317:00 oraz w sobot\u0119 w godz. 11:00\u201312:00.<\/p>\n\n\n\n<p class=\"wp-block-paragraph\">Ka\u017cdego dnia, od godz. 7:00 do 18:00, Jezus czeka na nas w Naj\u015bwi\u0119tszym Sakramencie. Zapraszamy na chwil\u0119 modlitwy i spotkania z nim.<\/p>\n\n\n\n<p class=\"wp-block-paragraph\">Dzi\u0119kujemy Parafianom i Go\u015bciom za ofiary, \u017cyczliwo\u015b\u0107 i wszelkie dobro. Niech wsp\u00f3lna modlitwa umacnia nasze rodziny i wnosi do naszych dom\u00f3w Bo\u017cy pok\u00f3j. \u017byczymy wszystkim b\u0142ogos\u0142awionego tygodnia!<\/p>\n","protected":false},"excerpt":{"rendered":"<p>Prze\u017cywamy dzi\u015b XXIII Niedziel\u0119 Zwyk\u0142\u0105. W dzisiejszej Ewangelii Jezus zapewnia, \u017ce tam, gdzie gromadz\u0105 si\u0119 dwaj lub trzej w Jego imi\u0119, On jest po\u015br\u00f3d nich. To przypomnienie o sile i znaczeniu wsp\u00f3lnej modlitwy. Dzi\u015b podczas Mszy \u015awi\u0119tej o godz. 12:00 b\u0119dziemy prze\u017cywa\u0107 Do\u017cynki parafialne. B\u0119dzie to czas wdzi\u0119czno\u015bci Bogu za tegoroczne plony oraz za trud&#8230;<\/p>\n","protected":false},"author":4,"featured_media":0,"comment_status":"closed","ping_status":"","sticky":false,"template":"","format":"standard","meta":{"_kadence_starter_templates_imported_post":false,"_kad_post_transparent":"","_kad_post_title":"","_kad_post_layout":"","_kad_post_sidebar_id":"","_kad_post_content_style":"","_kad_post_vertical_padding":"","_kad_post_feature":"","_kad_post_feature_position":"","_kad_post_header":false,"_kad_post_footer":false,"footnotes":""},"categories":[6],"tags":[],"class_list":["post-3798","post","type-post","status-publish","format-standard","hentry","category-ogloszenia"],"_links":{"self":[{"href":"https:\/\/franciszkanie-zlotoryja.com\/index.php\/wp-json\/wp\/v2\/posts\/3798","targetHints":{"allow":["GET"]}}],"collection":[{"href":"https:\/\/franciszkanie-zlotoryja.com\/index.php\/wp-json\/wp\/v2\/posts"}],"about":[{"href":"https:\/\/franciszkanie-zlotoryja.com\/index.php\/wp-json\/wp\/v2\/types\/post"}],"author":[{"embeddable":true,"href":"https:\/\/franciszkanie-zlotoryja.com\/index.php\/wp-json\/wp\/v2\/users\/4"}],"replies":[{"embeddable":true,"href":"https:\/\/franciszkanie-zlotoryja.com\/index.php\/wp-json\/wp\/v2\/comments?post=3798"}],"version-history":[{"count":2,"href":"https:\/\/franciszkanie-zlotoryja.com\/index.php\/wp-json\/wp\/v2\/posts\/3798\/revisions"}],"predecessor-version":[{"id":3800,"href":"https:\/\/franciszkanie-zlotoryja.com\/index.php\/wp-json\/wp\/v2\/posts\/3798\/revisions\/3800"}],"wp:attachment":[{"href":"https:\/\/franciszkanie-zlotoryja.com\/index.php\/wp-json\/wp\/v2\/media?parent=3798"}],"wp:term":[{"taxonomy":"category","embeddable":true,"href":"https:\/\/franciszkanie-zlotoryja.com\/index.php\/wp-json\/wp\/v2\/categories?post=3798"},{"taxonomy":"post_tag","embeddable":true,"href":"https:\/\/franciszkanie-zlotoryja.com\/index.php\/wp-json\/wp\/v2\/tags?post=3798"}],"curies":[{"name":"wp","href":"https:\/\/api.w.org\/{rel}","templated":true}]}}