{"id":3805,"date":"2026-09-05T16:21:42","date_gmt":"2026-09-05T14:21:42","guid":{"rendered":"https:\/\/franciszkanie-zlotoryja.com\/?p=3805"},"modified":"2026-09-05T16:21:42","modified_gmt":"2026-09-05T14:21:42","slug":"intencje-mszalne-7-13-wrzesnia-2026","status":"publish","type":"post","link":"https:\/\/franciszkanie-zlotoryja.com\/index.php\/2026\/09\/05\/intencje-mszalne-7-13-wrzesnia-2026\/","title":{"rendered":"Intencje mszalne | 7 &#8211; 13 wrze\u015bnia 2026"},"content":{"rendered":"\n<figure class=\"wp-block-table\"><table><tbody><tr><td><strong>7 IX<\/strong><\/td><td><strong>P<\/strong><strong>ONIEDZIA\u0141EK &#8211;&nbsp; Msza \u015aw. wotywna o \u015aw. Franciszku<\/strong><\/td><\/tr><tr><td><strong>7:00<\/strong><\/td><td><strong>I<\/strong>.\u00a0 Za \u017cyj\u0105cych i zmar\u0142ych parafian<br><strong>II<\/strong>. Za + Ann\u0119 Kalinowsk\u0105 o \u0142ask\u0119 Nieba<\/td><\/tr><tr><td><strong>18:00<\/strong><\/td><td><strong>I<\/strong>. Za + Ann\u0119 Zamojsk\u0105 (7 greg)<br><strong>II<\/strong>. O Bo\u017ce b\u0142ogos\u0142awie\u0144stwo i opiek\u0119 Matki Bo\u017cej dla Damiana z okazji roczku<\/td><\/tr><tr><td><strong>8 IX<\/strong><\/td><td><strong>W<\/strong><strong>TOREK<\/strong> <strong>&#8211;<\/strong> <strong>\u015bwi\u0119to Narodzenia NMP<\/strong><\/td><\/tr><tr><td><strong>7:00<\/strong><\/td><td><strong>I<\/strong>. W intencji franciszkan\u00f3w: za ich \u017cyj\u0105cych i ++ rodzic\u00f3w, rodze\u0144stwo, krewnych, dobrodziej\u00f3w i polecaj\u0105cych si\u0119 ich modlitwom zakonnym<br><strong>II<\/strong>. Za Dusze w czy\u015b\u0107cu cierpi\u0105ce<\/td><\/tr><tr><td><strong>18:00<\/strong><\/td><td><strong>I<\/strong>. Za ++ J\u00f3zefa Suchackiego, Micha\u0142a i J\u00f3zef\u0119 Kuneck\u0105 oraz Katarzyn\u0119 i Micha\u0142a<br><strong>II<\/strong>.\u00a0 Za + Ann\u0119 Zamojsk\u0105 (8 greg)<\/td><\/tr><tr><td><strong>9 IX<\/strong><\/td><td><strong>\u015a<\/strong><strong>RODA &#8211; wsp. B\u0142. Anieli Salawy, dz<\/strong><\/td><\/tr><tr><td><strong>7:00<\/strong><\/td><td><strong>I<\/strong>. Za + Ann\u0119 Kalinowsk\u0105 o \u0142\u0105k\u0119 nieba &#8211; od Beaty Newkin<br><strong>II<\/strong>. Za + Ann\u0119 Kalinowsk\u0105 &#8211; od rodziny Kij\u00f3w i Znajomych<\/td><\/tr><tr><td><strong>18:00<\/strong><\/td><td><strong>I<\/strong>.\u00a0 Za + Ann\u0119 Zamojsk\u0105 (9 greg)<br><strong>II<\/strong>. Za ++ Barbar\u0119, Witolda i Mieczys\u0142awa \u015awi\u0105tkowskich oraz za +\u00a0El\u017cbiet\u0119 Wilk<\/td><\/tr><tr><td><strong>10 IX<\/strong><\/td><td><strong>C<\/strong><strong>ZWARTEK&nbsp;<\/strong><\/td><\/tr><tr><td><strong>7:00<\/strong><\/td><td><strong>I<\/strong>. Za ++ Mariana Dudek, Iren\u0119 Dudek i Jana Dudek<br><strong>II<\/strong>. O uzdrowienie i uwolnienie w rodzinie<\/td><\/tr><tr><td><strong>18:00<\/strong><\/td><td><strong>I<\/strong>. Za + paw\u0142a Banaszaka i za ++ z rodziny o \u0142ask\u0119 Nieba<br><strong>II<\/strong>. Za + Ann\u0119 Zamojsk\u0105 (10 greg)<\/td><\/tr><tr><td><strong>11 IX<\/strong><\/td><td><strong>P<\/strong><strong>I\u0104TEK&nbsp;<\/strong><\/td><\/tr><tr><td><strong>7:00<\/strong><\/td><td><strong>I<\/strong>. Za + J\u00f3zefa Wetka o \u0142ask\u0119 Nieba<br><strong>II<\/strong>. Msza \u015bw. dzi\u0119kczynna za otrzymane \u0142aski, z podzi\u0119kowaniem wszystkim, kt\u00f3rzy si\u0119 modlili o zdrowie<\/td><\/tr><tr><td><strong>18:00<\/strong><\/td><td><strong>I<\/strong>. Za Agat\u0119 w intencji Bogu wiadomej &#8211; o spe\u0142nienie Woli Bo\u017cej<br><strong>II<\/strong>.\u00a0 Za + Ann\u0119 Zamojsk\u0105 (11 greg)<\/td><\/tr><tr><td><strong>12 IX<\/strong><\/td><td><strong>S<\/strong><strong>OBOTA&nbsp;<\/strong><\/td><\/tr><tr><td><strong>7:00<\/strong><\/td><td><strong>I<\/strong>. Za + Andrzeja Wilczy\u0144skiego w 1. rocznic\u0119 \u015bmierci<br><strong>II<\/strong>. Za + Eleonor\u0119 S\u0142omiana o \u0142ask\u0119 Nieba<\/td><\/tr><tr><td><strong>18:00<\/strong><\/td><td><strong>I<\/strong>.\u00a0 Za + Ann\u0119 Zamojsk\u0105 (12 greg)<br><strong>II<\/strong>. W 17. rocznic\u0119 + Danuty Radeckiej oraz za ++ z rodziny<\/td><\/tr><tr><td><strong>13 IX<\/strong><\/td><td><strong>24<\/strong> <strong>N<\/strong><strong>IEDZIELA ZWYK\u0141A<\/strong><\/td><\/tr><tr><td><strong>7:00<\/strong><\/td><td>W intencji Anny Burzy\u0144skiej o powr\u00f3t do zdrowia<\/td><\/tr><tr><td><strong>9:00<\/strong><\/td><td>Za + Janusza i Dusze w czy\u015b\u0107cu cierpi\u0105ce<\/td><\/tr><tr><td><strong>10:30<\/strong><\/td><td>W 3. rocznic\u0119 + Bronis\u0142awy Jaszczur i ++ z rodziny<\/td><\/tr><tr><td><strong>12:00<\/strong><\/td><td>Za + Agnieszk\u0119 Pietkiewicz w 5. rocznic\u0119 \u015bmierci&nbsp; &nbsp; &nbsp; &nbsp; &nbsp; &nbsp; &nbsp; &nbsp; &nbsp; &nbsp; &nbsp; &nbsp; &nbsp; &nbsp; &nbsp; &nbsp; &nbsp;<\/td><\/tr><tr><td><strong>18:00<\/strong><\/td><td><strong>I<\/strong>. Za + Ann\u0119 Puzewicz, ++ Aleksandr\u0119 i Wojciecha Puzewicz\u00f3w oraz Regin\u0119 i Bronis\u0142awa Bogdanowicz\u00f3w<br><strong>II<\/strong>. Za + Ann\u0119 Zamojsk\u0105 ( greg)\u00a0<\/td><\/tr><\/tbody><\/table><\/figure>\n","protected":false},"excerpt":{"rendered":"<p>7 IX PONIEDZIA\u0141EK &#8211;&nbsp; Msza \u015aw. wotywna o \u015aw. Franciszku 7:00 I.\u00a0 Za \u017cyj\u0105cych i zmar\u0142ych parafianII. Za + Ann\u0119 Kalinowsk\u0105 o \u0142ask\u0119 Nieba 18:00 I. Za + Ann\u0119 Zamojsk\u0105 (7 greg)II. O Bo\u017ce b\u0142ogos\u0142awie\u0144stwo i opiek\u0119 Matki Bo\u017cej dla Damiana z okazji roczku 8 IX WTOREK &#8211; \u015bwi\u0119to Narodzenia NMP 7:00 I. W intencji&#8230;<\/p>\n","protected":false},"author":4,"featured_media":0,"comment_status":"closed","ping_status":"","sticky":false,"template":"","format":"standard","meta":{"_kadence_starter_templates_imported_post":false,"_kad_post_transparent":"","_kad_post_title":"","_kad_post_layout":"","_kad_post_sidebar_id":"","_kad_post_content_style":"","_kad_post_vertical_padding":"","_kad_post_feature":"","_kad_post_feature_position":"","_kad_post_header":false,"_kad_post_footer":false,"footnotes":""},"categories":[5],"tags":[],"class_list":["post-3805","post","type-post","status-publish","format-standard","hentry","category-intencje"],"_links":{"self":[{"href":"https:\/\/franciszkanie-zlotoryja.com\/index.php\/wp-json\/wp\/v2\/posts\/3805","targetHints":{"allow":["GET"]}}],"collection":[{"href":"https:\/\/franciszkanie-zlotoryja.com\/index.php\/wp-json\/wp\/v2\/posts"}],"about":[{"href":"https:\/\/franciszkanie-zlotoryja.com\/index.php\/wp-json\/wp\/v2\/types\/post"}],"author":[{"embeddable":true,"href":"https:\/\/franciszkanie-zlotoryja.com\/index.php\/wp-json\/wp\/v2\/users\/4"}],"replies":[{"embeddable":true,"href":"https:\/\/franciszkanie-zlotoryja.com\/index.php\/wp-json\/wp\/v2\/comments?post=3805"}],"version-history":[{"count":1,"href":"https:\/\/franciszkanie-zlotoryja.com\/index.php\/wp-json\/wp\/v2\/posts\/3805\/revisions"}],"predecessor-version":[{"id":3806,"href":"https:\/\/franciszkanie-zlotoryja.com\/index.php\/wp-json\/wp\/v2\/posts\/3805\/revisions\/3806"}],"wp:attachment":[{"href":"https:\/\/franciszkanie-zlotoryja.com\/index.php\/wp-json\/wp\/v2\/media?parent=3805"}],"wp:term":[{"taxonomy":"category","embeddable":true,"href":"https:\/\/franciszkanie-zlotoryja.com\/index.php\/wp-json\/wp\/v2\/categories?post=3805"},{"taxonomy":"post_tag","embeddable":true,"href":"https:\/\/franciszkanie-zlotoryja.com\/index.php\/wp-json\/wp\/v2\/tags?post=3805"}],"curies":[{"name":"wp","href":"https:\/\/api.w.org\/{rel}","templated":true}]}}